{"id":2447,"date":"2025-06-21T20:06:39","date_gmt":"2025-06-21T18:06:39","guid":{"rendered":"https:\/\/www.salvatorianos.org\/blog\/familiasalvatoriana\/?p=2447"},"modified":"2025-06-21T20:06:39","modified_gmt":"2025-06-21T18:06:39","slug":"por-que-tanta-violencia-porque-estos-genocidios-silenciados","status":"publish","type":"post","link":"https:\/\/www.salvatorianos.org\/blog\/familiasalvatoriana\/por-que-tanta-violencia-porque-estos-genocidios-silenciados\/","title":{"rendered":"\u00bfPor qu\u00e9 tanta violencia? Porque estos genocidios silenciados?"},"content":{"rendered":"\n<figure class=\"wp-block-table\"><table class=\"has-fixed-layout\"><tbody><tr><td>\u201cCuando o\u00edmos los disparos y vimos a los radicales, encomendamos nuestras vidas a Dios\u201d Desde <em>Ayuda a la Iglesia Necesitada<\/em> te pedimos oraciones por la Iglesia sufriente en Nigeria ante la peor masacre de cristianos en la regi\u00f3n y que compartas este llamamiento urgente <img decoding=\"async\" width=\"700\" src=\"https:\/\/content.app-us1.com\/cdn-cgi\/image\/width=650,dpr=2,fit=scale-down,format=auto,onerror=redirect\/w0rN9\/2025\/06\/17\/39c198d6-6ffc-4e28-b9fe-9eac2be1293b.png\"><a href=\"https:\/\/ayudaalaiglesianecesitada.acemlnb.com\/lt.php?x=3DZy~GDFInLM753-_dDFUOSe~XEijQAjv-k2kXM4KnHOE5780Ey.zudz2I2oidE~jupAZHbJKk\" target=\"_blank\" rel=\"noreferrer noopener\"><\/a> Ruinas tras el ataque contra cristianos en el estado de Benue, en Nigeria. (Di\u00f3cesis de Makurdi) Hola &nbsp; <strong><em>\u201c<\/em><\/strong><strong>Lo que vi fue realmente espantoso. Hab\u00eda gente asesinada. Hab\u00eda cad\u00e1veres esparcidos por todas partes<em>\u201d<\/em><\/strong>, ha asegurado el padre Jonathan Angbianbee, p\u00e1rroco de Yelewata, a <em>Ayuda a la Iglesia Necesitada<\/em>. &nbsp; Al menos <strong>200 cristianos han sido asesinados<\/strong> este pasado fin de semana<strong> por radicales armados <\/strong>en la localidad nigeriana de Yelewata mientras dorm\u00edan. Los cristianos del estado de Benue <strong>fueron quemados vivos, acuchillados y ejecutados con disparos <\/strong>cuando pretend\u00edan huir de la masacre. &nbsp; La Iglesia en Nigeria te pide oraciones por el fin de la violencia que sufren los cristianos. A este llamamiento, tambi\u00e9n se ha sumado el papa Le\u00f3n XIV: \u201c<strong>Rezo para que la seguridad, la justicia y la paz prevalezcan en Nigeria<\/strong>, un pa\u00eds querido y tan afectado por diversas formas de violencia. Y rezo especialmente por las comunidades cristianas rurales del estado de Benue, que son v\u00edctimas incesantes de la violencia\u201d. <a href=\"https:\/\/ayudaalaiglesianecesitada.acemlnb.com\/lt.php?x=3DZy~GDFInLM753-_dDFUOSe~XEijQAjv-k2kXM4KnHOE5780Ey.zudz2I2oidE~jupAZHbJJC\" target=\"_blank\" rel=\"noreferrer noopener\"><u>Reza esta oraci\u00f3n<\/u><\/a> por los cristianos perseguidos. Nuestros hermanos perseguidos est\u00e1n sufriendo. <strong>Hoy, la Iglesia en Nigeria te necesita.<\/strong> <img loading=\"lazy\" decoding=\"async\" width=\"195\" height=\"49\" src=\"\" usemap=\"#MicrosoftOfficeMap0\" alt=\"Rect\u00e1ngulo redondeado: Ay\u00fadales ahora\"><a href=\"https:\/\/ayudaalaiglesianecesitada.acemlnb.com\/lt.php?x=3DZy~GDFInLM753-_dDFUOSe~XEijQAjv-k2kXM4KnHOE5780Ey.zudz2I2oidE~jupAZHbKIU\" target=\"_blank\" rel=\"noreferrer noopener\"><\/a> o llama al <strong>91 725 92 12<\/strong> <em>\u201c<\/em>Cuando o\u00edmos los disparos y vimos a los radicales, encomendamos nuestras vidas a Dios. Esta ma\u00f1ana, doy gracias a Dios por estar vivo<em>\u201d,<\/em> P. Jonathan Angbianbee.<\/td><\/tr><\/tbody><\/table><\/figure>\n","protected":false},"excerpt":{"rendered":"<p>\u201cCuando o\u00edmos los disparos y vimos a los radicales, encomendamos nuestras vidas a Dios\u201d Desde Ayuda a la Iglesia Necesitada te pedimos oraciones por la Iglesia sufriente en Nigeria ante la peor masacre de cristianos en la regi\u00f3n y que compartas este llamamiento urgente Ruinas tras el ataque contra cristianos en el estado de Benue, &bull;  <a class=\"read-more\" href=\"https:\/\/www.salvatorianos.org\/blog\/familiasalvatoriana\/por-que-tanta-violencia-porque-estos-genocidios-silenciados\/\"> Leer m\u00e1s &raquo;<\/a><\/p>\n","protected":false},"author":3,"featured_media":0,"comment_status":"open","ping_status":"open","sticky":false,"template":"","format":"standard","meta":{"footnotes":""},"categories":[1],"tags":[],"class_list":["post-2447","post","type-post","status-publish","format-standard","hentry","category-general"],"_links":{"self":[{"href":"https:\/\/www.salvatorianos.org\/blog\/familiasalvatoriana\/wp-json\/wp\/v2\/posts\/2447","targetHints":{"allow":["GET"]}}],"collection":[{"href":"https:\/\/www.salvatorianos.org\/blog\/familiasalvatoriana\/wp-json\/wp\/v2\/posts"}],"about":[{"href":"https:\/\/www.salvatorianos.org\/blog\/familiasalvatoriana\/wp-json\/wp\/v2\/types\/post"}],"author":[{"embeddable":true,"href":"https:\/\/www.salvatorianos.org\/blog\/familiasalvatoriana\/wp-json\/wp\/v2\/users\/3"}],"replies":[{"embeddable":true,"href":"https:\/\/www.salvatorianos.org\/blog\/familiasalvatoriana\/wp-json\/wp\/v2\/comments?post=2447"}],"version-history":[{"count":1,"href":"https:\/\/www.salvatorianos.org\/blog\/familiasalvatoriana\/wp-json\/wp\/v2\/posts\/2447\/revisions"}],"predecessor-version":[{"id":2448,"href":"https:\/\/www.salvatorianos.org\/blog\/familiasalvatoriana\/wp-json\/wp\/v2\/posts\/2447\/revisions\/2448"}],"wp:attachment":[{"href":"https:\/\/www.salvatorianos.org\/blog\/familiasalvatoriana\/wp-json\/wp\/v2\/media?parent=2447"}],"wp:term":[{"taxonomy":"category","embeddable":true,"href":"https:\/\/www.salvatorianos.org\/blog\/familiasalvatoriana\/wp-json\/wp\/v2\/categories?post=2447"},{"taxonomy":"post_tag","embeddable":true,"href":"https:\/\/www.salvatorianos.org\/blog\/familiasalvatoriana\/wp-json\/wp\/v2\/tags?post=2447"}],"curies":[{"name":"wp","href":"https:\/\/api.w.org\/{rel}","templated":true}]}}